{"id":122,"date":"2021-03-08T20:07:22","date_gmt":"2021-03-08T20:07:22","guid":{"rendered":"https:\/\/kerlegand.com\/?p=122"},"modified":"2021-03-08T20:15:57","modified_gmt":"2021-03-08T20:15:57","slug":"estudio-kerlegand","status":"publish","type":"post","link":"https:\/\/kerlegand.com\/index.php\/2021\/03\/08\/estudio-kerlegand\/","title":{"rendered":"Estudio Kerlegand"},"content":{"rendered":"\n<p>Mi inter\u00e9s formal se centra en la expresi\u00f3n del rostro humano. La t\u00e9cnica es el dibujo, a veces acompa\u00f1ado de color, La principal influencia viene de la Pintura Oriental, la Iconograf\u00eda Ortodoxa, los Expresionistas Alemanes y el Muralismo Mexicano.<\/p>\n","protected":false},"excerpt":{"rendered":"<p>Mi inter\u00e9s formal se centra en la expresi\u00f3n del rostro humano. La t\u00e9cnica es el dibujo, a veces acompa\u00f1ado de color, La principal influencia viene de la Pintura Oriental, la Iconograf\u00eda Ortodoxa, los Expresionistas Alemanes y el Muralismo Mexicano.<\/p>\n","protected":false},"author":1,"featured_media":0,"comment_status":"closed","ping_status":"closed","sticky":false,"template":"","format":"standard","meta":[],"categories":[1],"tags":[],"_links":{"self":[{"href":"https:\/\/kerlegand.com\/index.php\/wp-json\/wp\/v2\/posts\/122"}],"collection":[{"href":"https:\/\/kerlegand.com\/index.php\/wp-json\/wp\/v2\/posts"}],"about":[{"href":"https:\/\/kerlegand.com\/index.php\/wp-json\/wp\/v2\/types\/post"}],"author":[{"embeddable":true,"href":"https:\/\/kerlegand.com\/index.php\/wp-json\/wp\/v2\/users\/1"}],"replies":[{"embeddable":true,"href":"https:\/\/kerlegand.com\/index.php\/wp-json\/wp\/v2\/comments?post=122"}],"version-history":[{"count":1,"href":"https:\/\/kerlegand.com\/index.php\/wp-json\/wp\/v2\/posts\/122\/revisions"}],"predecessor-version":[{"id":123,"href":"https:\/\/kerlegand.com\/index.php\/wp-json\/wp\/v2\/posts\/122\/revisions\/123"}],"wp:attachment":[{"href":"https:\/\/kerlegand.com\/index.php\/wp-json\/wp\/v2\/media?parent=122"}],"wp:term":[{"taxonomy":"category","embeddable":true,"href":"https:\/\/kerlegand.com\/index.php\/wp-json\/wp\/v2\/categories?post=122"},{"taxonomy":"post_tag","embeddable":true,"href":"https:\/\/kerlegand.com\/index.php\/wp-json\/wp\/v2\/tags?post=122"}],"curies":[{"name":"wp","href":"https:\/\/api.w.org\/{rel}","templated":true}]}}